{"id":13363,"date":"2025-07-31T08:00:46","date_gmt":"2025-07-31T06:00:46","guid":{"rendered":"https:\/\/rubyni.com\/?p=13363"},"modified":"2025-11-27T15:30:39","modified_gmt":"2025-11-27T14:30:39","slug":"dieta-equilibrata-la-diversita-degli-alimenti","status":"publish","type":"post","link":"https:\/\/rubyni.com\/it\/blog\/dieta-equilibrata-la-diversita-degli-alimenti","title":{"rendered":"Dieta equilibrata: la diversit\u00e0 degli alimenti"},"content":{"rendered":"<p>[et_pb_section fb_built=&#8221;1&#8243; custom_padding_last_edited=&#8221;on|phone&#8221; _builder_version=&#8221;4.27.4&#8243; _module_preset=&#8221;default&#8221; custom_padding=&#8221;0px||||false|false&#8221; custom_padding_tablet=&#8221;0px||||false|false&#8221; custom_padding_phone=&#8221;||0px||false|false&#8221; global_colors_info=&#8221;{}&#8221; theme_builder_area=&#8221;post_content&#8221;][et_pb_row column_structure=&#8221;3_5,2_5&#8243; custom_padding_last_edited=&#8221;on|phone&#8221; module_class=&#8221;blog-flex&#8221; _builder_version=&#8221;4.27.4&#8243; _module_preset=&#8221;default&#8221; width=&#8221;85%&#8221; width_tablet=&#8221;&#8221; width_phone=&#8221;100%&#8221; width_last_edited=&#8221;on|phone&#8221; custom_padding=&#8221;||||false|false&#8221; custom_padding_tablet=&#8221;||||false|false&#8221; custom_padding_phone=&#8221;0px|1rem||1rem|false|false&#8221; global_colors_info=&#8221;{}&#8221; theme_builder_area=&#8221;post_content&#8221;][et_pb_column type=&#8221;3_5&#8243; _builder_version=&#8221;4.27.3&#8243; _module_preset=&#8221;default&#8221; global_colors_info=&#8221;{}&#8221; theme_builder_area=&#8221;post_content&#8221;][et_pb_text _builder_version=&#8221;4.27.4&#8243; _module_preset=&#8221;default&#8221; custom_margin=&#8221;2rem||||false|false&#8221; custom_padding=&#8221;|||4rem|false|false&#8221; custom_padding_tablet=&#8221;|||0rem|false|false&#8221; custom_padding_phone=&#8221;|||0rem|false|false&#8221; custom_padding_last_edited=&#8221;on|tablet&#8221; global_colors_info=&#8221;{}&#8221; theme_builder_area=&#8221;post_content&#8221;]<\/p>\n<p>Gli scaffali dei supermercati sono pieni di innumerevoli variet\u00e0 di pane, formaggi e salsicce, mentre al mercato si trovano frutta e verdura in tutti i colori dell&#8217;arcobaleno: la Germania ha un&#8217;offerta alimentare abbondante. Il 31 luglio, <strong>la Giornata della diversit\u00e0 alimentare<\/strong>, lanciata nel 2020 dall&#8217;Associazione tedesca per l&#8217;alimentazione, intende richiamare l&#8217;attenzione su questo aspetto.<sup>1, 2<\/sup> Ma come si pu\u00f2 sfruttare al meglio questa diversit\u00e0 culinaria per mangiare una dieta \u201ccolorata\u201d ed equilibrata nella vita di tutti i giorni? <\/p>\n<h2>Germania: una vasta gamma di alimenti<\/h2>\n<p>Chi fa la spesa in Germania ha l&#8217;imbarazzo della scelta: in Germania sono disponibili circa 170.000 prodotti alimentari. Ogni anno vengono aggiunti circa 40.000 prodotti e altrettanti scompaiono dagli scaffali.<sup>3<\/sup> Che si tratti di prodotti vegani o a base di carne, economici o costosi: ogni cliente pu\u00f2 comporre il proprio menu in base alle proprie preferenze (e al proprio budget). Nella scelta degli alimenti, tuttavia, oltre al sapore e al prezzo c&#8217;\u00e8 un altro criterio da considerare: il contributo alla salute.  <\/p>\n<h2>Una dieta equilibrata: cosa raccomandano gli esperti?<\/h2>\n<p>La Societ\u00e0 Tedesca di Nutrizione (DGE) ha pubblicato le \u201cRaccomandazioni nutrizionali relative agli alimenti\u201d aggiornate al 2024.<sup>4<\/sup> Esse si applicano agli adulti sani in Germania di et\u00e0 compresa tra i 18 e i 65 anni, la cui dieta contiene alimenti di origine vegetale e animale.<sup>5<\/sup> <\/p>\n<h3>Le raccomandazioni del DGE: &#8220;Mangiare e bere bene<\/h3>\n<ul>\n<li><strong>\u00c8 meglio bere acqua:<\/strong> \u00e8 meglio bere acqua o t\u00e8 non zuccherati piuttosto che bevande zuccherate come le bibite. Si dovrebbero bere 1,5 litri al giorno.<sup>6<\/sup> <\/li>\n<li><strong>Mangiare molta frutta e verdura:<\/strong> Almeno cinque porzioni di frutta e verdura forniscono una quantit\u00e0 sufficiente di vitamine, minerali, fibre e <a href=\"https:\/\/rubyni.com\/it\/wissen\/sostanze-vegetali-secondarie\">sostanze fitochimiche<\/a>.<sup>7<\/sup><\/li>\n<li><strong>Mangiate regolarmente legumi e frutta secca:<\/strong> I fagioli e le lenticchie sono un prezioso apporto di vitamine e minerali, mentre la frutta secca contiene acidi grassi fondamentali.<sup>8<\/sup><\/li>\n<li><strong>Gli integrali sono la scelta migliore:<\/strong> quando si tratta di pane, pasta, riso e farina, \u00e8 meglio scegliere le variet\u00e0 integrali. Queste mantengono il senso di saziet\u00e0 pi\u00f9 a lungo e forniscono preziose fibre.<sup>9<\/sup> <\/li>\n<li><strong>Prediligere gli oli vegetali:<\/strong> gli oli di colza, di noci, di soia, di olive e di semi di lino sono buone fonti di acidi grassi importanti e di vitamina E<sup>10<\/sup>.<\/li>\n<li><strong>Latte e latticini ogni giorno:<\/strong> Sono importanti per la salute delle ossa. Le bevande vegetali a base di soia, avena, mandorle, riso o piselli possono essere un&#8217;alternativa, ma bisogna assicurarsi di avere un apporto sufficiente di calcio, iodio, vitamina B<sub>2<\/sub> e vitamina B<sub>12<\/sub>.<sup>11<\/sup> <\/li>\n<li><strong>Pesce una o due volte alla settimana:<\/strong> i pesci grassi come il salmone, lo sgombro e le aringhe forniscono i preziosi acidi grassi omega-3. Le microalghe sono una buona alternativa per chi non mangia pesce.<sup>12<\/sup> <\/li>\n<li><strong>Poca carne e insaccati:<\/strong> non pi\u00f9 di 300 grammi a settimana. Questo perch\u00e9 un elevato consumo di carne rossa (maiale, manzo, capra o pecora) aumenta il rischio di malattie cardiovascolari e di cancro al colon. <sup>13<\/sup> <\/li>\n<li><strong>Cibi dolci, salati e grassi solo in piccole quantit\u00e0:<\/strong> Troppi zuccheri, sale e grassi nella dieta aumentano il rischio di obesit\u00e0, pressione alta, malattie cardiovascolari e diabete di tipo 2. Queste sostanze sono spesso \u201cnascoste\u201d nella dieta. Queste sostanze sono spesso \u201cnascoste\u201d in alimenti altamente trasformati e nei fast food<sup>14<\/sup>. <\/li>\n<\/ul>\n<h3><strong>I nostri alimenti contengono meno nutrienti rispetto al passato?<\/strong><\/h3>\n<p>Compriamo frutta e verdura fresca, cuciniamo con le migliori intenzioni &#8211; eppure il nostro corpo potrebbe assorbire meno vitamine e minerali oggi rispetto a qualche decennio fa. Questo sospetto \u00e8 stato alimentato da diversi studi. Il confronto tra le tabelle alimentari degli anni &#8217;30 e &#8217;50 e le misurazioni attuali mostra una chiara tendenza: il contenuto di nutrienti vitali come la vitamina C, il ferro, il magnesio o lo zinco \u00e8 diminuito sensibilmente in molti tipi di frutta e verdura, in alcuni casi fino al 30-40%.<br \/>Tuttavia, a volte pu\u00f2 essere difficile confrontare i dati di epoche diverse. Ad esempio, i metodi utilizzati per determinare la concentrazione di nutrienti sono cambiati. Inoltre, gli esperti sottolineano che i valori determinati all&#8217;epoca rappresentano solo un&#8217;istantanea nel tempo. Tuttavia, il contenuto di sostanze vitali negli alimenti pu\u00f2 fluttuare naturalmente e dipende da vari fattori. Questi includono, ad esempio, le condizioni del suolo, le condizioni climatiche o il momento del raccolto.<br \/>Le variet\u00e0 giocano un ruolo importante: gli studi hanno dimostrato che le variet\u00e0 di grano moderne raggiungono rese pi\u00f9 elevate rispetto alle variet\u00e0 pi\u00f9 vecchie. Tuttavia, i chicchi delle nuove variet\u00e0 contengono meno micronutrienti come zinco, rame, ferro o magnesio. Il problema: le nuove variet\u00e0 sono state selezionate per ottenere rese elevate e una crescita rapida. Non riescono ad assorbire abbastanza sostanze nutritive nel breve tempo trascorso in campo. Di conseguenza, hanno un contenuto inferiore di calcio, ferro, riboflavina (vitamina B2) e vitamina C<sup>15-22<\/sup> , ad esempio.          <\/p>\n<h3>\u00c8 possibile ottenere una quantit\u00e0 sufficiente di vitamine e minerali dalla dieta?<\/h3>\n<p>Fondamentalmente s\u00ec. La Germania \u00e8 un Paese industrializzato e generalmente ben fornito di cibo.<sup>21<\/sup> Il DGE consiglia alle persone di approfittare della diversit\u00e0 degli alimenti e di seguire una dieta varia.<sup>23, 24<\/sup> Tuttavia, nella vita di tutti i giorni, per molte persone questo \u00e8 difficile: lo stress e la pressione delle scadenze spesso tolgono il tempo &#8211; e allo stesso tempo la voglia e la tranquillit\u00e0 &#8211; di cucinare in vari modi.<sup>25<\/sup> Per non parlare del tempo libero per sedersi e godersi un pasto. I genitori possono dirvi quanto possa essere impegnativa la pianificazione dei pasti per tutta la famiglia. Ci sono anche circostanze della vita (come una gravidanza o una malattia) che possono aumentare il fabbisogno o determinare una carenza di alcuni micronutrienti. In questo caso pu\u00f2 essere consigliabile assumere integratori alimentari specifici in consultazione con un medico o un terapeuta.<sup>23<\/sup>      <\/p>\n<h2>Come farlo funzionare nella vita di tutti i giorni: 5 consigli per una maggiore variet\u00e0 nel piatto<\/h2>\n<p>Con alcuni accorgimenti, si pu\u00f2 riuscire a mangiare una dieta equilibrata nella vita di tutti i giorni anche quando non si ha molto tempo a disposizione.<\/p>\n<p><strong>Suggerimento 1:<\/strong> se volete mangiare cibi pi\u00f9 \u201ccolorati\u201d, prendete questo consiglio alla lettera. Rendete i vostri pasti colorati: ad esempio, mangiate un soffritto di verdure con peperoni rossi e spinaci come piatto principale e uno yogurt con mirtilli come dessert. Oltre alle vitamine e ai minerali, in questo modo aggiungerete automaticamente sostanze vegetali salutari al vostro piatto.<sup>26<\/sup> I frutti rossi e blu-neri, ad esempio, sono particolarmente ricchi di <a href=\"https:\/\/rubyni.com\/it\/blog\/sindrome-metabolica-come-gli-antociani-agiscono-sullintestino\">antociani<\/a>.   <\/p>\n<p><strong>Suggerimento 2:<\/strong> molti supermercati offrono un servizio di consegna a domicilio. Questo pu\u00f2 essere un&#8217;opzione per risparmiare tempo e stress se il viaggio al supermercato non rientra pi\u00f9 nella vostra fitta agenda quotidiana. Pu\u00f2 anche valere la pena di abbonarsi a una cosiddetta \u201cscatola biologica\u201d. Esistono diversi fornitori su Internet che consegnano direttamente a casa vostra frutta e verdura biologica proveniente da aziende agricole della vostra regione.   <\/p>\n<p><strong>Suggerimento 3:<\/strong> Cucinare fresco non significa necessariamente passare ore a tagliare le verdure. Le verdure surgelate consentono di risparmiare tempo e spesso vengono fornite gi\u00e0 tagliate, ma ancora piene di sostanze nutritive, direttamente dalla busta alla pentola.<sup>27<\/sup> Lo stesso vale per i legumi cotti in barattolo.<sup>28<\/sup> Ma attenzione alla frutta in scatola: spesso il succo contiene molto zucchero.<sup>29<\/sup>   <\/p>\n<p><strong>Suggerimento 4:<\/strong> quando si viaggia, portare in valigia spuntini sani. Le verdure crude, la frutta e le noci, ad esempio, sono pratiche. Il bello \u00e8 che molti tipi di frutta sono disponibili nella loro confezione. Una banana, ad esempio, si sbuccia con la stessa rapidit\u00e0 con cui si scarta una barretta di cioccolato, e quindi non \u00e8 meno pratica.   <\/p>\n<p><strong>Suggerimento 5:<\/strong> Avete mai sentito parlare di preparazione dei pasti? Il termine deriva dall&#8217;inglese \u201cmeal preparation\u201d. Si tratta di una tendenza che consiste nel pianificare i pasti per i giorni successivi, ad esempio nel fine settimana, e idealmente prepararli in anticipo. Con pochi e semplici passaggi, un pasto sano \u00e8 poi in tavola durante la settimana. Tuttavia, per alcune persone, creare piani settimanali e cucinare in anticipo pu\u00f2 causare ulteriore stress. \u00c8 quindi meglio porsi piccoli obiettivi per una dieta sana, facili da realizzare. Ad esempio, programmate due o tre piatti colorati alla settimana che vi piacciono e che potete preparare facilmente.      <\/p>\n<p><strong>Fonti:<\/strong><\/p>\n<ol>\n<li>Bundesministerium f\u00fcr Land- und Forstwirtschaft, Klima- und Umweltschutz, Regionen und Wasserwirtschaft. Tag der Lebensmittelvielfalt. <a href=\"https:\/\/www.bmluk.gv.at\/service\/veranstaltungen\/landwirtschaft\/tag-der-lebensmittelvielfalt.html\" target=\"_blank\" rel=\"noopener\">https:\/\/www.bmluk.gv.at\/service\/veranstaltungen\/landwirtschaft\/tag-der-lebensmittelvielfalt.html<\/a>, letzter Abruf am 23.07.2025 <\/li>\n<li>Lebensmittelverband Deutschland. Tag der Lebensmittelvielfalt: Deutsche sch\u00e4tzen Vielfalt des Lebensmittelangebots. <a href=\"https:\/\/www.lebensmittelverband.de\/de\/presse\/pressemitteilungen\/20230725-tag-der-lebensmittelvielfalt\" target=\"_blank\" rel=\"noopener\">https:\/\/www.lebensmittelverband.de\/de\/presse\/pressemitteilungen\/20230725-tag-der-lebensmittelvielfalt<\/a>, letzter Abruf am 23.07.2025 <\/li>\n<li>Lebensmittelmagazin. Tag der Lebensmittelvielfalt: 170.000 Lebensmittelprodukte auf dem deutschen Markt. <a href=\"https:\/\/www.lebensmittelmagazin.de\/wirtschaft\/20200731-tag-der-lebensmittelvielfalt-170000-lebensmittel-produkte-auf-dem-deutschen-markt\/\" target=\"_blank\" rel=\"noopener\">https:\/\/www.lebensmittelmagazin.de\/wirtschaft\/20200731-tag-der-lebensmittelvielfalt-170000-lebensmittel-produkte-auf-dem-deutschen-markt\/<\/a>, letzter Abruf am 23.07.2025 <\/li>\n<li>Deutsche Gesellschaft f\u00fcr Ern\u00e4hrung. Lebensmittelbezogene Ern\u00e4hrungsempfehlungen der DGE. <br \/><a href=\"https:\/\/www.dge.de\/gesunde-ernaehrung\/faq\/lebensmittelbezogene-ernaehrungsempfehlungen-dge\/\" target=\"_blank\" rel=\"noopener\">https:\/\/www.dge.de\/gesunde-ernaehrung\/faq\/lebensmittelbezogene-ernaehrungsempfehlungen-dge\/<\/a>, letzter Abruf am 23.07.2025<\/li>\n<li>Deutsche Gesellschaft f\u00fcr Ern\u00e4hrung. Gute essen und trinken \u2013 die DGE-Empfehlungen. <a href=\"https:\/\/www.dge.de\/gesunde-ernaehrung\/gut-essen-und-trinken\/dge-empfehlungen\/#c6738\" target=\"_blank\" rel=\"noopener\">https:\/\/www.dge.de\/gesunde-ernaehrung\/gut-essen-und-trinken\/dge-empfehlungen\/#c6738<\/a>, letzter Abruf am 23.07.2025 <\/li>\n<li>Deutsche Gesellschaft f\u00fcr Ern\u00e4hrung. Am besten Wasser trinken. <a href=\"https:\/\/www.dge.de\/gesunde-ernaehrung\/gut-essen-und-trinken\/dge-empfehlungen\/am-besten-wasser-trinken\/\" target=\"_blank\" rel=\"noopener\">https:\/\/www.dge.de\/gesunde-ernaehrung\/gut-essen-und-trinken\/dge-empfehlungen\/am-besten-wasser-trinken\/<\/a>, letzter Abruf am 23.07.2025 <\/li>\n<li>Deutsche Gesellschaft f\u00fcr Ern\u00e4hrung. Obst und Gem\u00fcse \u2013 viel und bunt. <a href=\"https:\/\/www.dge.de\/gesunde-ernaehrung\/gut-essen-und-trinken\/obst-und-gemuese\/\" target=\"_blank\" rel=\"noopener\">https:\/\/www.dge.de\/gesunde-ernaehrung\/gut-essen-und-trinken\/obst-und-gemuese\/<\/a>, letzter Abruf am 23.07.2025 <\/li>\n<li>Deutsche Gesellschaft f\u00fcr Ern\u00e4hrung. H\u00fclsenfr\u00fcchte und N\u00fcsse regelm\u00e4\u00dfig essen. <a href=\"https:\/\/www.dge.de\/gesunde-ernaehrung\/gut-essen-und-trinken\/dge-empfehlungen\/huelsenfruechte-und-nuesse\/\" target=\"_blank\" rel=\"noopener\">https:\/\/www.dge.de\/gesunde-ernaehrung\/gut-essen-und-trinken\/dge-empfehlungen\/huelsenfruechte-und-nuesse\/<\/a>, letzter Abruf am 23.07.2025 <\/li>\n<li>Deutsche Gesellschaft f\u00fcr Ern\u00e4hrung. Vollkorn ist die beste Wahl. <a href=\"https:\/\/www.dge.de\/gesunde-ernaehrung\/gut-essen-und-trinken\/vollkorn\/\" target=\"_blank\" rel=\"noopener\">https:\/\/www.dge.de\/gesunde-ernaehrung\/gut-essen-und-trinken\/vollkorn\/<\/a>, letzter Abruf am 23.07.2025 <\/li>\n<li>Deutsche Gesellschaft f\u00fcr Ern\u00e4hrung. Pflanzliche \u00d6le bevorzugen. <a href=\"https:\/\/www.dge.de\/gesunde-ernaehrung\/gut-essen-und-trinken\/pflanzliche-oele\/\" target=\"_blank\" rel=\"noopener\">https:\/\/www.dge.de\/gesunde-ernaehrung\/gut-essen-und-trinken\/pflanzliche-oele\/<\/a>, letzter Abruf am 23.07.2025 <\/li>\n<li>Deutsche Gesellschaft f\u00fcr Ern\u00e4hrung. Milch und Milchprodukte jeden Tag. <a href=\"https:\/\/www.dge.de\/gesunde-ernaehrung\/gut-essen-und-trinken\/dge-empfehlungen\/milch-und-milchprodukte\/\" target=\"_blank\" rel=\"noopener\">https:\/\/www.dge.de\/gesunde-ernaehrung\/gut-essen-und-trinken\/dge-empfehlungen\/milch-und-milchprodukte\/<\/a>, letzter Abruf am 23.07.2025 <\/li>\n<li>Deutsche Gesellschaft f\u00fcr Ern\u00e4hrung. Fisch jede Woche. <a href=\"https:\/\/www.dge.de\/gesunde-ernaehrung\/gut-essen-und-trinken\/dge-empfehlungen\/fisch\/\" target=\"_blank\" rel=\"noopener\">https:\/\/www.dge.de\/gesunde-ernaehrung\/gut-essen-und-trinken\/dge-empfehlungen\/fisch\/<\/a>, letzter Abruf am 23.07.2025 <\/li>\n<li>Deutsche Gesellschaft f\u00fcr Ern\u00e4hrung. Fleisch und Wurst \u2013 weniger ist mehr. <a href=\"https:\/\/www.dge.de\/gesunde-ernaehrung\/gut-essen-und-trinken\/dge-empfehlungen\/fleisch-und-wurst\/\" target=\"_blank\" rel=\"noopener\">https:\/\/www.dge.de\/gesunde-ernaehrung\/gut-essen-und-trinken\/dge-empfehlungen\/fleisch-und-wurst\/<\/a>, letzter Abruf am 23.07.2025 <\/li>\n<li>Deutsche Gesellschaft f\u00fcr Ern\u00e4hrung. S\u00fc\u00dfes, Salziges und Fettiges \u2013 besser stehen lassen. <br \/><a href=\"https:\/\/www.dge.de\/gesunde-ernaehrung\/gut-essen-und-trinken\/dge-empfehlungen\/suesses-salziges-und-fettiges\/\" target=\"_blank\" rel=\"noopener\">https:\/\/www.dge.de\/gesunde-ernaehrung\/gut-essen-und-trinken\/dge-empfehlungen\/suesses-salziges-und-fettiges\/<\/a>, letzter Abruf am 23.07.2025<\/li>\n<li>Davis DR et al. Changes in USDA food composition data for 43 garden crops, 1950 to 1999. J Am Coll Nutr. 2004 Dec; 23 (6): 669-82.    <a href=\"https:\/\/pubmed.ncbi.nlm.nih.gov\/15637215\/\">https:\/\/pubmed.ncbi.nlm.nih.gov\/15637215\/<\/a><\/li>\n<li>Ming-Sheng Fan et al. Evidence of decreasing mineral density in wheat grain over the last 160 years,<br \/>J Trace Elem Med Biol. 2008; 22 (4): 315-24.   <a href=\"https:\/\/www.sciencedirect.com\/science\/article\/abs\/pii\/S0946672X08000679\">https:\/\/www.sciencedirect.com\/science\/article\/abs\/pii\/S0946672X08000679<\/a><\/li>\n<li>Mayer A et al. Historical changes in the mineral content of fruit and vegetables in the UK from 1940 to 2019: a concern for human nutrition and agriculture &#8220;, Int J Food Sci Nutr. 2022 May; 73(3): 315-326.  <br \/><a href=\"https:\/\/www.tandfonline.com\/doi\/10.1080\/09637486.2021.1981831\">https:\/\/www.tandfonline.com\/doi\/10.1080\/09637486.2021.1981831<\/a><\/li>\n<li>Mariem SB et al. Assessing the evolution of wheat grain traits during the last 166 years using archived samples. Sci Rep. 2020 Dec 11; 10(1): 21828.  <br \/><a href=\"https:\/\/www.nature.com\/articles\/s41598-020-78504-x\">https:\/\/www.nature.com\/articles\/s41598-020-78504-x<\/a><\/li>\n<li>Yilmaz H &amp; A Yilmaz. Hidden Hunger in the Age of Abundance: The Nutricional Pitfalls of Modern Staple Crops. Food SciNutr. 2025 Jan 2; 13(2): e4610.    <a href=\"https:\/\/onlinelibrary.wiley.com\/doi\/full\/10.1002\/fsn3.4610\">https:\/\/onlinelibrary.wiley.com\/doi\/full\/10.1002\/fsn3.4610<\/a><\/li>\n<li>Chemistry World. Royal Society of Chemistry. Is modern food lower in nutrients? <a href=\"https:\/\/www.chemistryworld.com\/features\/is-modern-food-lower-in-nutrients\/4018578.article?utm_source=Live+Audience&amp;utm_campaign=3be8fc0955-briefing-dy-20231205&amp;utm_medium=email&amp;utm_term=0_b27a691814-3be8fc0955-51957948\" target=\"_blank\" rel=\"noopener\">https:\/\/www.chemistryworld.com\/features\/is-modern-food-lower-in-nutrients\/4018578.article?utm_source=Live+Audience&amp;utm_campaign=3be8fc0955-briefing-dy-20231205&amp;utm_medium=email&amp;utm_term=0_b27a691814-3be8fc0955-51957948<\/a>, letzter Abruf am 23.07.2025  <\/li>\n<li>Dirt Poor: Have Fruits and Vegetables Become Less Nutritious? Stand: 27.04.2011. <a href=\"https:\/\/www.scientificamerican.com\/article\/soil-depletion-and-nutrition-loss\/\" target=\"_blank\" rel=\"noopener\">https:\/\/www.scientificamerican.com\/article\/soil-depletion-and-nutrition-loss\/<\/a>, letzter Abruf am 30.07.2025 <\/li>\n<li>Verbraucherzentrale. Sind unsere B\u00f6den und Pflanzen arm an N\u00e4hrstoffen? <br \/><a href=\"https:\/\/www.verbraucherzentrale.de\/wissen\/lebensmittel\/kennzeichnung-und-inhaltsstoffe\/sind-unsere-boeden-und-pflanzen-arm-an-naehrstoffen-17734#:~:text=Zwar%20sind%20unsere%20heimischen%20B%C3%B6den,das%20Gegenteil%20ist%20der%20Fall\" target=\"_blank\" rel=\"noopener\">https:\/\/www.verbraucherzentrale.de\/wissen\/lebensmittel\/kennzeichnung-und-inhaltsstoffe\/sind-unsere-boeden-und-pflanzen-arm-an-naehrstoffen-17734#:~:text=Zwar%20sind%20unsere%20heimischen%20B%C3%B6den,das%20Gegenteil%20ist%20der%20Fall<\/a>, letzter Abruf am 23.07.2025<\/li>\n<li>Deutsche Gesellschaft f\u00fcr Ern\u00e4hrung. DGE Ern\u00e4hrungskreis. <a href=\"https:\/\/www.dge.de\/gesunde-ernaehrung\/gut-essen-und-trinken\/dge-ernaehrungskreis\/\" target=\"_blank\" rel=\"noopener\">https:\/\/www.dge.de\/gesunde-ernaehrung\/gut-essen-und-trinken\/dge-ernaehrungskreis\/<\/a>, letzter Abruf am 23.07.2025 <\/li>\n<li>Bundeszentrum f\u00fcr Ern\u00e4hrung. Vitamine \u2013 nat\u00fcrliche Fitmacher. <a href=\"https:\/\/www.bzfe.de\/essen-und-gesundheit\/naehrstoffe\/vitamine\" target=\"_blank\" rel=\"noopener\">https:\/\/www.bzfe.de\/essen-und-gesundheit\/naehrstoffe\/vitamine<\/a>, letzter Abruf am 23.07.2025 <\/li>\n<li>Lebensmittelverband Deutschland. Eine ausreichende N\u00e4hrstoffversorgung scheitert oft an Alltagsh\u00fcrden. <a href=\"https:\/\/www.lebensmittelverband.de\/de\/aktuell\/20250407-eine-ausreichende-naehrstoffversorgung-scheitert-oft-an-alltagshuerden\" target=\"_blank\" rel=\"noopener\">https:\/\/www.lebensmittelverband.de\/de\/aktuell\/20250407-eine-ausreichende-naehrstoffversorgung-scheitert-oft-an-alltagshuerden<\/a>, letzter Abruf am 23.07.2025 <\/li>\n<li>S\u00fcdwestrundfunk. Anstalt des \u00f6ffentlichen Rechts. Bunt essen: Ist das wirklich so gesund? <a href=\"https:\/\/www.swr.de\/leben\/gesundheit\/bunt-essen-was-bringt-die-regenbogenernaehrung-100.html\" target=\"_blank\" rel=\"noopener\">https:\/\/www.swr.de\/leben\/gesundheit\/bunt-essen-was-bringt-die-regenbogenernaehrung-100.html<\/a>, letzter Abruf am 23.07.2025  <\/li>\n<li>Lebensmittelverband Deutschland. Stimmt es, dass tiefgefrorenes Gem\u00fcse mehr Vitamine enth\u00e4lt? <br \/><a href=\"https:\/\/www.lebensmittelverband.de\/de\/vitamine-tiefgefrorenes-gemuese-schockfrosten\" target=\"_blank\" rel=\"noopener\">https:\/\/www.lebensmittelverband.de\/de\/vitamine-tiefgefrorenes-gemuese-schockfrosten<\/a>, letzter Abruf am 23.07.2025<\/li>\n<li>Verbraucherzentrale Th\u00fcringen. Linsen, Bohnen, Erbsen: Alles zu pflanzlichen Proteinen in H\u00fclsenfr\u00fcchten. <a href=\"https:\/\/www.vzth.de\/wissen\/lebensmittel\/auswaehlen-zubereiten-aufbewahren\/linsen-bohnen-erbsen-alles-zu-pflanzlichen-proteinen-in-huelsenfruechten-12759#:~:text=Ihr%20hoher%20Proteingehalt%20von%20etwa,Fladenbrot%20oder%20Chili%20mit%20Mais\" target=\"_blank\" rel=\"noopener\">https:\/\/www.vzth.de\/wissen\/lebensmittel\/auswaehlen-zubereiten-aufbewahren\/linsen-bohnen-erbsen-alles-zu-pflanzlichen-proteinen-in-huelsenfruechten-12759#:~:text=Ihr%20hoher%20Proteingehalt%20von%20etwa,Fladenbrot%20oder%20Chili%20mit%20Mais<\/a>., letzter Abruf am 23.07.2025 <\/li>\n<li>In Form. Deutschlands Initiative f\u00fcr gesunde Ern\u00e4hrung und mehr Bewegung. Weniger ist mehr \u2013 Zucker in der Ern\u00e4hrung. <a href=\"https:\/\/www.in-form.de\/ernaehrung\/gesund-und-nachhaltig-essen\/weniger-ist-mehr-zucker-in-der-ernaehrung\" target=\"_blank\" rel=\"noopener\">https:\/\/www.in-form.de\/ernaehrung\/gesund-und-nachhaltig-essen\/weniger-ist-mehr-zucker-in-der-ernaehrung<\/a>, letzter Abruf am 23.07.2025  <\/li>\n<\/ol>\n<p>[\/et_pb_text][\/et_pb_column][et_pb_column type=&#8221;2_5&#8243; module_class=&#8221;fixed-content&#8221; _builder_version=&#8221;4.27.3&#8243; _module_preset=&#8221;default&#8221; global_colors_info=&#8221;{}&#8221; theme_builder_area=&#8221;post_content&#8221;][et_pb_image src=&#8221;https:\/\/rubyni.com\/wp-content\/uploads\/2024\/11\/rubyni-edelholunder-kapseln-produkt.webp&#8221; alt=&#8221;rubyni\u00ae sambuco in vetro con capsule&#8221; title_text=&#8221;rubyni-sambuco&#8221; _builder_version=&#8221;4.27.4&#8243; _module_preset=&#8221;default&#8221; custom_margin=&#8221;|||-13rem|false|false&#8221; custom_margin_tablet=&#8221;|||-13rem|false|false&#8221; custom_margin_phone=&#8221;|||0rem|false|false&#8221; custom_margin_last_edited=&#8221;on|phone&#8221; locked=&#8221;off&#8221; global_colors_info=&#8221;{}&#8221; theme_builder_area=&#8221;post_content&#8221;][\/et_pb_image][et_pb_text _builder_version=&#8221;4.27.3&#8243; _module_preset=&#8221;default&#8221; header_2_font_size=&#8221;2.5rem&#8221; header_3_font_size=&#8221;1.8rem&#8221; custom_margin=&#8221;||1rem||false|false&#8221; locked=&#8221;off&#8221; global_colors_info=&#8221;{}&#8221; theme_builder_area=&#8221;post_content&#8221;]<\/p>\n<h2>La spinta per il sistema immunitario<\/h2>\n<h3>rubyni<sup>\u00ae<\/sup> sambuco<\/h3>\n<ul>\n<li>rubyni<sup>\u00ae<\/sup> sambuco contribuisce alla normale funzione del tuo sistema immunitario<\/li>\n<li>300 mg di estratto di sambuco per capsula<\/li>\n<li>Biologici, vegani, senza lattosio e senza glutine<\/li>\n<li>Studi comprovati<\/li>\n<\/ul>\n<p>[\/et_pb_text][et_pb_button button_url=&#8221;https:\/\/rubyni.com\/it\/i-nostri-prodotti\/rubyni-sambuco-pregiato&#8221; button_text=&#8221;Vedi di pi\u00f9&#8221; _builder_version=&#8221;4.27.4&#8243; _module_preset=&#8221;default&#8221; custom_margin=&#8221;0px||||false|false&#8221; hover_enabled=&#8221;0&#8243; locked=&#8221;off&#8221; global_colors_info=&#8221;{}&#8221; theme_builder_area=&#8221;post_content&#8221; sticky_enabled=&#8221;0&#8243;][\/et_pb_button][\/et_pb_column][\/et_pb_row][\/et_pb_section]<\/p>\n","protected":false},"excerpt":{"rendered":"<p>Gli scaffali dei supermercati sono pieni di innumerevoli variet\u00e0 di pane, formaggi e salsicce, mentre al mercato si trovano frutta e verdura in tutti i colori dell&#8217;arcobaleno: la Germania ha un&#8217;offerta alimentare abbondante. Il 31 luglio, la Giornata della diversit\u00e0 alimentare, lanciata nel 2020 dall&#8217;Associazione tedesca per l&#8217;alimentazione, intende richiamare l&#8217;attenzione su questo aspetto.1, 2 [&hellip;]<\/p>\n","protected":false},"author":1,"featured_media":13357,"comment_status":"closed","ping_status":"closed","sticky":false,"template":"","format":"standard","meta":{"_acf_changed":false,"_et_pb_use_builder":"on","_et_pb_old_content":"","_et_gb_content_width":"","footnotes":""},"categories":[33],"tags":[],"class_list":["post-13363","post","type-post","status-publish","format-standard","has-post-thumbnail","hentry","category-ernaehrung"],"acf":[],"yoast_head":"<!-- This site is optimized with the Yoast SEO Premium plugin v26.7 (Yoast SEO v26.7) - https:\/\/yoast.com\/wordpress\/plugins\/seo\/ -->\r\n<title>Dieta equilibrata: la diversit\u00e0 degli alimenti - rubyni<\/title>\r\n<meta name=\"description\" content=\"Cibo sano: consigli per una dieta equilibrata \u2713\u2713 Sfrutta al meglio la diversit\u00e0 dei prodotti \u2713\u2713 Leggi tutto\" \/>\r\n<meta name=\"robots\" content=\"index, follow, max-snippet:-1, max-image-preview:large, max-video-preview:-1\" \/>\r\n<link rel=\"canonical\" href=\"https:\/\/rubyni.com\/blog\/ausgewogene-ernaehrung-vielfalt-der-lebensmittel\" \/>\r\n<meta property=\"og:locale\" content=\"it_IT\" \/>\r\n<meta property=\"og:type\" content=\"article\" \/>\r\n<meta property=\"og:title\" content=\"Dieta equilibrata: la diversit\u00e0 degli alimenti\" \/>\r\n<meta property=\"og:description\" content=\"Cibo sano: consigli per una dieta equilibrata \u2713\u2713 Sfrutta al meglio la diversit\u00e0 dei prodotti \u2713\u2713 Leggi tutto\" \/>\r\n<meta property=\"og:url\" content=\"https:\/\/rubyni.com\/blog\/ausgewogene-ernaehrung-vielfalt-der-lebensmittel\" \/>\r\n<meta property=\"og:site_name\" content=\"rubyni\" \/>\r\n<meta property=\"article:published_time\" content=\"2025-07-31T06:00:46+00:00\" \/>\r\n<meta property=\"article:modified_time\" content=\"2025-11-27T14:30:39+00:00\" \/>\r\n<meta property=\"og:image\" content=\"https:\/\/rubyni.com\/wp-content\/uploads\/2025\/08\/Blog-Headerbild-Lebensmittelvielfalt-1024x320.png\" \/>\r\n\t<meta property=\"og:image:width\" content=\"1024\" \/>\r\n\t<meta property=\"og:image:height\" content=\"320\" \/>\r\n\t<meta property=\"og:image:type\" content=\"image\/png\" \/>\r\n<meta name=\"author\" content=\"hofinger\" \/>\r\n<meta name=\"twitter:card\" content=\"summary_large_image\" \/>\r\n<meta name=\"twitter:label1\" content=\"Scritto da\" \/>\n\t<meta name=\"twitter:data1\" content=\"hofinger\" \/>\n\t<meta name=\"twitter:label2\" content=\"Tempo di lettura stimato\" \/>\n\t<meta name=\"twitter:data2\" content=\"11 minuti\" \/>\r\n<script type=\"application\/ld+json\" class=\"yoast-schema-graph\">{\"@context\":\"https:\/\/schema.org\",\"@graph\":[{\"@type\":\"Article\",\"@id\":\"https:\/\/rubyni.com\/blog\/ausgewogene-ernaehrung-vielfalt-der-lebensmittel#article\",\"isPartOf\":{\"@id\":\"https:\/\/rubyni.com\/blog\/ausgewogene-ernaehrung-vielfalt-der-lebensmittel\"},\"author\":{\"name\":\"hofinger\",\"@id\":\"https:\/\/rubyni.com\/#\/schema\/person\/7869e1cbe73f10a48a02fb58da381fd0\"},\"headline\":\"Dieta equilibrata: la diversit\u00e0 degli alimenti\",\"datePublished\":\"2025-07-31T06:00:46+00:00\",\"dateModified\":\"2025-11-27T14:30:39+00:00\",\"mainEntityOfPage\":{\"@id\":\"https:\/\/rubyni.com\/blog\/ausgewogene-ernaehrung-vielfalt-der-lebensmittel\"},\"wordCount\":2424,\"image\":{\"@id\":\"https:\/\/rubyni.com\/blog\/ausgewogene-ernaehrung-vielfalt-der-lebensmittel#primaryimage\"},\"thumbnailUrl\":\"https:\/\/rubyni.com\/wp-content\/uploads\/2025\/08\/Blog-Headerbild-Lebensmittelvielfalt.png\",\"articleSection\":[\"Ern\u00e4hrung\"],\"inLanguage\":\"it-IT\"},{\"@type\":\"WebPage\",\"@id\":\"https:\/\/rubyni.com\/blog\/ausgewogene-ernaehrung-vielfalt-der-lebensmittel\",\"url\":\"https:\/\/rubyni.com\/blog\/ausgewogene-ernaehrung-vielfalt-der-lebensmittel\",\"name\":\"Dieta equilibrata: la diversit\u00e0 degli alimenti - rubyni\",\"isPartOf\":{\"@id\":\"https:\/\/rubyni.com\/#website\"},\"primaryImageOfPage\":{\"@id\":\"https:\/\/rubyni.com\/blog\/ausgewogene-ernaehrung-vielfalt-der-lebensmittel#primaryimage\"},\"image\":{\"@id\":\"https:\/\/rubyni.com\/blog\/ausgewogene-ernaehrung-vielfalt-der-lebensmittel#primaryimage\"},\"thumbnailUrl\":\"https:\/\/rubyni.com\/wp-content\/uploads\/2025\/08\/Blog-Headerbild-Lebensmittelvielfalt.png\",\"datePublished\":\"2025-07-31T06:00:46+00:00\",\"dateModified\":\"2025-11-27T14:30:39+00:00\",\"author\":{\"@id\":\"https:\/\/rubyni.com\/#\/schema\/person\/7869e1cbe73f10a48a02fb58da381fd0\"},\"description\":\"Cibo sano: consigli per una dieta equilibrata \u2713\u2713 Sfrutta al meglio la diversit\u00e0 dei prodotti \u2713\u2713 Leggi tutto\",\"breadcrumb\":{\"@id\":\"https:\/\/rubyni.com\/blog\/ausgewogene-ernaehrung-vielfalt-der-lebensmittel#breadcrumb\"},\"inLanguage\":\"it-IT\",\"potentialAction\":[{\"@type\":\"ReadAction\",\"target\":[\"https:\/\/rubyni.com\/blog\/ausgewogene-ernaehrung-vielfalt-der-lebensmittel\"]}]},{\"@type\":\"ImageObject\",\"inLanguage\":\"it-IT\",\"@id\":\"https:\/\/rubyni.com\/blog\/ausgewogene-ernaehrung-vielfalt-der-lebensmittel#primaryimage\",\"url\":\"https:\/\/rubyni.com\/wp-content\/uploads\/2025\/08\/Blog-Headerbild-Lebensmittelvielfalt.png\",\"contentUrl\":\"https:\/\/rubyni.com\/wp-content\/uploads\/2025\/08\/Blog-Headerbild-Lebensmittelvielfalt.png\",\"width\":1920,\"height\":600,\"caption\":\"Auf einer Tischplatte stehen jede Menge Sch\u00e4lchen mit Pulver, Blaubeeren und K\u00f6rnern. Man sieht au\u00dferdem gr\u00fcnen Spargel, Erdbeeren, Ingwer und Basilikum.\"},{\"@type\":\"BreadcrumbList\",\"@id\":\"https:\/\/rubyni.com\/blog\/ausgewogene-ernaehrung-vielfalt-der-lebensmittel#breadcrumb\",\"itemListElement\":[{\"@type\":\"ListItem\",\"position\":1,\"name\":\"Startseite\",\"item\":\"https:\/\/rubyni.com\/\"},{\"@type\":\"ListItem\",\"position\":2,\"name\":\"Dieta equilibrata: la diversit\u00e0 degli alimenti\"}]},{\"@type\":\"WebSite\",\"@id\":\"https:\/\/rubyni.com\/#website\",\"url\":\"https:\/\/rubyni.com\/\",\"name\":\"rubyni\",\"description\":\"\",\"potentialAction\":[{\"@type\":\"SearchAction\",\"target\":{\"@type\":\"EntryPoint\",\"urlTemplate\":\"https:\/\/rubyni.com\/?s={search_term_string}\"},\"query-input\":{\"@type\":\"PropertyValueSpecification\",\"valueRequired\":true,\"valueName\":\"search_term_string\"}}],\"inLanguage\":\"it-IT\"},{\"@type\":\"Person\",\"@id\":\"https:\/\/rubyni.com\/#\/schema\/person\/7869e1cbe73f10a48a02fb58da381fd0\",\"name\":\"hofinger\",\"sameAs\":[\"https:\/\/rubyni.com\"],\"url\":\"https:\/\/rubyni.com\/it\/blog\/author\/hofinger\"}]}<\/script>\r\n<!-- \/ Yoast SEO Premium plugin. -->","yoast_head_json":{"title":"Dieta equilibrata: la diversit\u00e0 degli alimenti - rubyni","description":"Cibo sano: consigli per una dieta equilibrata \u2713\u2713 Sfrutta al meglio la diversit\u00e0 dei prodotti \u2713\u2713 Leggi tutto","robots":{"index":"index","follow":"follow","max-snippet":"max-snippet:-1","max-image-preview":"max-image-preview:large","max-video-preview":"max-video-preview:-1"},"canonical":"https:\/\/rubyni.com\/blog\/ausgewogene-ernaehrung-vielfalt-der-lebensmittel","og_locale":"it_IT","og_type":"article","og_title":"Dieta equilibrata: la diversit\u00e0 degli alimenti","og_description":"Cibo sano: consigli per una dieta equilibrata \u2713\u2713 Sfrutta al meglio la diversit\u00e0 dei prodotti \u2713\u2713 Leggi tutto","og_url":"https:\/\/rubyni.com\/blog\/ausgewogene-ernaehrung-vielfalt-der-lebensmittel","og_site_name":"rubyni","article_published_time":"2025-07-31T06:00:46+00:00","article_modified_time":"2025-11-27T14:30:39+00:00","og_image":[{"width":1024,"height":320,"url":"https:\/\/rubyni.com\/wp-content\/uploads\/2025\/08\/Blog-Headerbild-Lebensmittelvielfalt-1024x320.png","type":"image\/png"}],"author":"hofinger","twitter_card":"summary_large_image","twitter_misc":{"Scritto da":"hofinger","Tempo di lettura stimato":"11 minuti"},"schema":{"@context":"https:\/\/schema.org","@graph":[{"@type":"Article","@id":"https:\/\/rubyni.com\/blog\/ausgewogene-ernaehrung-vielfalt-der-lebensmittel#article","isPartOf":{"@id":"https:\/\/rubyni.com\/blog\/ausgewogene-ernaehrung-vielfalt-der-lebensmittel"},"author":{"name":"hofinger","@id":"https:\/\/rubyni.com\/#\/schema\/person\/7869e1cbe73f10a48a02fb58da381fd0"},"headline":"Dieta equilibrata: la diversit\u00e0 degli alimenti","datePublished":"2025-07-31T06:00:46+00:00","dateModified":"2025-11-27T14:30:39+00:00","mainEntityOfPage":{"@id":"https:\/\/rubyni.com\/blog\/ausgewogene-ernaehrung-vielfalt-der-lebensmittel"},"wordCount":2424,"image":{"@id":"https:\/\/rubyni.com\/blog\/ausgewogene-ernaehrung-vielfalt-der-lebensmittel#primaryimage"},"thumbnailUrl":"https:\/\/rubyni.com\/wp-content\/uploads\/2025\/08\/Blog-Headerbild-Lebensmittelvielfalt.png","articleSection":["Ern\u00e4hrung"],"inLanguage":"it-IT"},{"@type":"WebPage","@id":"https:\/\/rubyni.com\/blog\/ausgewogene-ernaehrung-vielfalt-der-lebensmittel","url":"https:\/\/rubyni.com\/blog\/ausgewogene-ernaehrung-vielfalt-der-lebensmittel","name":"Dieta equilibrata: la diversit\u00e0 degli alimenti - rubyni","isPartOf":{"@id":"https:\/\/rubyni.com\/#website"},"primaryImageOfPage":{"@id":"https:\/\/rubyni.com\/blog\/ausgewogene-ernaehrung-vielfalt-der-lebensmittel#primaryimage"},"image":{"@id":"https:\/\/rubyni.com\/blog\/ausgewogene-ernaehrung-vielfalt-der-lebensmittel#primaryimage"},"thumbnailUrl":"https:\/\/rubyni.com\/wp-content\/uploads\/2025\/08\/Blog-Headerbild-Lebensmittelvielfalt.png","datePublished":"2025-07-31T06:00:46+00:00","dateModified":"2025-11-27T14:30:39+00:00","author":{"@id":"https:\/\/rubyni.com\/#\/schema\/person\/7869e1cbe73f10a48a02fb58da381fd0"},"description":"Cibo sano: consigli per una dieta equilibrata \u2713\u2713 Sfrutta al meglio la diversit\u00e0 dei prodotti \u2713\u2713 Leggi tutto","breadcrumb":{"@id":"https:\/\/rubyni.com\/blog\/ausgewogene-ernaehrung-vielfalt-der-lebensmittel#breadcrumb"},"inLanguage":"it-IT","potentialAction":[{"@type":"ReadAction","target":["https:\/\/rubyni.com\/blog\/ausgewogene-ernaehrung-vielfalt-der-lebensmittel"]}]},{"@type":"ImageObject","inLanguage":"it-IT","@id":"https:\/\/rubyni.com\/blog\/ausgewogene-ernaehrung-vielfalt-der-lebensmittel#primaryimage","url":"https:\/\/rubyni.com\/wp-content\/uploads\/2025\/08\/Blog-Headerbild-Lebensmittelvielfalt.png","contentUrl":"https:\/\/rubyni.com\/wp-content\/uploads\/2025\/08\/Blog-Headerbild-Lebensmittelvielfalt.png","width":1920,"height":600,"caption":"Auf einer Tischplatte stehen jede Menge Sch\u00e4lchen mit Pulver, Blaubeeren und K\u00f6rnern. Man sieht au\u00dferdem gr\u00fcnen Spargel, Erdbeeren, Ingwer und Basilikum."},{"@type":"BreadcrumbList","@id":"https:\/\/rubyni.com\/blog\/ausgewogene-ernaehrung-vielfalt-der-lebensmittel#breadcrumb","itemListElement":[{"@type":"ListItem","position":1,"name":"Startseite","item":"https:\/\/rubyni.com\/"},{"@type":"ListItem","position":2,"name":"Dieta equilibrata: la diversit\u00e0 degli alimenti"}]},{"@type":"WebSite","@id":"https:\/\/rubyni.com\/#website","url":"https:\/\/rubyni.com\/","name":"rubyni","description":"","potentialAction":[{"@type":"SearchAction","target":{"@type":"EntryPoint","urlTemplate":"https:\/\/rubyni.com\/?s={search_term_string}"},"query-input":{"@type":"PropertyValueSpecification","valueRequired":true,"valueName":"search_term_string"}}],"inLanguage":"it-IT"},{"@type":"Person","@id":"https:\/\/rubyni.com\/#\/schema\/person\/7869e1cbe73f10a48a02fb58da381fd0","name":"hofinger","sameAs":["https:\/\/rubyni.com"],"url":"https:\/\/rubyni.com\/it\/blog\/author\/hofinger"}]}},"_links":{"self":[{"href":"https:\/\/rubyni.com\/it\/wp-json\/wp\/v2\/posts\/13363","targetHints":{"allow":["GET"]}}],"collection":[{"href":"https:\/\/rubyni.com\/it\/wp-json\/wp\/v2\/posts"}],"about":[{"href":"https:\/\/rubyni.com\/it\/wp-json\/wp\/v2\/types\/post"}],"author":[{"embeddable":true,"href":"https:\/\/rubyni.com\/it\/wp-json\/wp\/v2\/users\/1"}],"replies":[{"embeddable":true,"href":"https:\/\/rubyni.com\/it\/wp-json\/wp\/v2\/comments?post=13363"}],"version-history":[{"count":7,"href":"https:\/\/rubyni.com\/it\/wp-json\/wp\/v2\/posts\/13363\/revisions"}],"predecessor-version":[{"id":14896,"href":"https:\/\/rubyni.com\/it\/wp-json\/wp\/v2\/posts\/13363\/revisions\/14896"}],"wp:featuredmedia":[{"embeddable":true,"href":"https:\/\/rubyni.com\/it\/wp-json\/wp\/v2\/media\/13357"}],"wp:attachment":[{"href":"https:\/\/rubyni.com\/it\/wp-json\/wp\/v2\/media?parent=13363"}],"wp:term":[{"taxonomy":"category","embeddable":true,"href":"https:\/\/rubyni.com\/it\/wp-json\/wp\/v2\/categories?post=13363"},{"taxonomy":"post_tag","embeddable":true,"href":"https:\/\/rubyni.com\/it\/wp-json\/wp\/v2\/tags?post=13363"}],"curies":[{"name":"wp","href":"https:\/\/api.w.org\/{rel}","templated":true}]}}